{"id":351,"date":"2016-12-15T16:15:44","date_gmt":"2016-12-15T15:15:44","guid":{"rendered":"http:\/\/www.lacabanademozoncillo.es\/sp\/?p=351"},"modified":"2016-12-15T16:17:19","modified_gmt":"2016-12-15T15:17:19","slug":"vii-marcha-solidaria-comarca-de-juarros","status":"publish","type":"post","link":"https:\/\/www.lacabanademozoncillo.es\/sp\/vii-marcha-solidaria-comarca-de-juarros\/","title":{"rendered":"VII Marcha Solidaria Comarca de Juarros"},"content":{"rendered":"<p>Este domingo 18 de diciembre se celebra la 7\u00aa edici\u00f3n de la tradicional Marcha Solidaria en la Comarca de\u00a0Juarros.\u00a0Una Semana en la que la protagonista es la Solidaridad en forma de colaboraci\u00f3n de toda la comarca, ya que con todo su entusiasmo y celebrando m\u00faltiples actividades, intentar\u00e1n recaudar fondos para dos entidades colaboradoras.<\/p>\n<p>Este a\u00f1o las entidades son: Asociaci\u00f3n Las Calzadas y\u00a0C\u00e1ritas\u00a0Internacional, a cuyos proyectos ir\u00e1n destinadas las inscripciones (y todo lo recaudado a lo largo de toda la Semana) de manera \u00edntegra.<\/p>\n<p>Hora de salida: 9,45 h en Santa Cruz de\u00a0Juarros. 42.251843, -3.474145 (coordenadas para\u00a0google\u00a0maps).<br \/>\nRecorrido: 13 km. con dos avituallamientos.<br \/>\nDificultad: media-baja.<\/p>\n<p>El coste de la inscripci\u00f3n es de 4 \u20ac, y de 10 \u20ac en el caso de querer comida. Las inscripciones finalizan el jueves 15 de diciembre a las 23.59 h.<\/p>\n<p><a href=\"http:\/\/www.ibeasdejuarros.es\/noticias-y-eventos\/listado-noticias-ibeas00\/detalle-noticias-ibeas0\/?tx_news_pi1%5Bnews%5D=10&amp;tx_news_pi1%5Bcontroller%5D=News&amp;tx_news_pi1%5Baction%5D=detail&amp;cHash=25b0a33799bef55879f0e723afe1c504\" target=\"_blank\">Para mas informaci\u00f3n (recorrido, c\u00f3mo llegar, programa Semana Solidaria) \u00bb<\/a><\/p>\n","protected":false},"excerpt":{"rendered":"<p>Este domingo 18 de diciembre se celebra la 7\u00aa edici\u00f3n de la tradicional Marcha Solidaria en la Comarca de Juarros.<\/p>\n","protected":false},"author":2,"featured_media":352,"comment_status":"closed","ping_status":"closed","sticky":false,"template":"","format":"standard","meta":{"_et_pb_use_builder":"","_et_pb_old_content":"","_et_gb_content_width":"","footnotes":""},"categories":[1],"tags":[],"_links":{"self":[{"href":"https:\/\/www.lacabanademozoncillo.es\/sp\/wp-json\/wp\/v2\/posts\/351"}],"collection":[{"href":"https:\/\/www.lacabanademozoncillo.es\/sp\/wp-json\/wp\/v2\/posts"}],"about":[{"href":"https:\/\/www.lacabanademozoncillo.es\/sp\/wp-json\/wp\/v2\/types\/post"}],"author":[{"embeddable":true,"href":"https:\/\/www.lacabanademozoncillo.es\/sp\/wp-json\/wp\/v2\/users\/2"}],"replies":[{"embeddable":true,"href":"https:\/\/www.lacabanademozoncillo.es\/sp\/wp-json\/wp\/v2\/comments?post=351"}],"version-history":[{"count":0,"href":"https:\/\/www.lacabanademozoncillo.es\/sp\/wp-json\/wp\/v2\/posts\/351\/revisions"}],"wp:featuredmedia":[{"embeddable":true,"href":"https:\/\/www.lacabanademozoncillo.es\/sp\/wp-json\/wp\/v2\/media\/352"}],"wp:attachment":[{"href":"https:\/\/www.lacabanademozoncillo.es\/sp\/wp-json\/wp\/v2\/media?parent=351"}],"wp:term":[{"taxonomy":"category","embeddable":true,"href":"https:\/\/www.lacabanademozoncillo.es\/sp\/wp-json\/wp\/v2\/categories?post=351"},{"taxonomy":"post_tag","embeddable":true,"href":"https:\/\/www.lacabanademozoncillo.es\/sp\/wp-json\/wp\/v2\/tags?post=351"}],"curies":[{"name":"wp","href":"https:\/\/api.w.org\/{rel}","templated":true}]}}